{"id":1302,"date":"2025-12-03T14:58:33","date_gmt":"2025-12-03T14:58:33","guid":{"rendered":"https:\/\/greenglam.at\/?p=1302"},"modified":"2025-12-03T14:58:33","modified_gmt":"2025-12-03T14:58:33","slug":"greenglam-bei-der-iconcmt-2024-die-sdgs-durch-augmented-reality-sichtbar-machen","status":"publish","type":"post","link":"https:\/\/greenglam.at\/en\/greenglam-bei-der-iconcmt-2024-die-sdgs-durch-augmented-reality-sichtbar-machen\/","title":{"rendered":"GreenGLAM bei der IConCMT 2024: Die SDGs durch Augmented Reality sichtbar machen"},"content":{"rendered":"<p data-start=\"131\" data-end=\"728\">Am 27. November 2024 pr\u00e4sentierten die GreenGLAM-Partnerinnen <strong>Marina Lima Medeiros von VRVis<\/strong> and <strong>Sylvia Petrovic-Majer von OpenGLAM<\/strong> die neuesten Entwicklungen des Projekts auf der <strong><em data-start=\"296\" data-end=\"353\">International Conference on Creative\/Media\/Technologies<\/em> (IConCMT)<\/strong> an der Fachhochschule St. P\u00f6lten. Die Konferenz, bekannt f\u00fcr ihren interdisziplin\u00e4ren Fokus auf digitale Innovation, griff Themen wie Extended Reality, datengetriebenes Design, KI-unterst\u00fctzte Medienpraktiken und partizipative Kulturtechnologien auf \u2013 ein ideales Umfeld, um GreenGLAMs Ansatz zur Kommunikation von Nachhaltigkeit in Kulturerbe-R\u00e4umen vorzustellen.<\/p>\n<p data-start=\"730\" data-end=\"1310\">GreenGLAM hat das Ziel, die UN-Nachhaltigkeitsziele (SDGs) f\u00fcr B\u00fcrgerinnen und B\u00fcrger sichtbarer und zug\u00e4nglicher zu machen, indem digitale Erlebnisse in Besuche von GLAM-Einrichtungen \u2013 Galerien, Bibliotheken, Archive und Museen \u2013 eingebettet werden. Das Projekt untersucht, wie kulturelle Organisationen in der Online-Kommunikation, in lokalen Nachrichten und in \u00f6ffentlichen Debatten erscheinen und wie diese Bez\u00fcge mit Nachhaltigkeitsthemen zusammenh\u00e4ngen. Diese Erkenntnisse flie\u00dfen anschlie\u00dfend in interaktive Visualisierungen ein, die das Besuchserlebnis bereichern sollen.<\/p>\n<p data-start=\"1312\" data-end=\"1815\">Bei der IConCMT stellten Marina und Sylvia die neuesten Entwicklungen und Fortschritte an der virtuellen Datenskulptur vor \u2013 einem AR-basierten Konzept, das nachhaltigkeitsbezogene Informationen in ausdrucksstarke, interaktive 3D-Formen \u00fcbersetzt. Das Erlebnis wird \u00fcber WebXR bereitgestellt, sodass Nutzerinnen und Nutzer die AR-Skulpturen direkt im mobilen Browser ohne App-Installation aufrufen k\u00f6nnen \u2013 ein wesentlicher Beitrag zu Barrierefreiheit und spontaner Nutzung in \u00f6ffentlichen Kulturr\u00e4umen.<\/p>\n<p data-start=\"1817\" data-end=\"2279\">Zur Unterst\u00fctzung von GLAM-Fachkr\u00e4ften, Forschenden und kommunalen Entscheidungstr\u00e4gern enth\u00e4lt GreenGLAM auch ein webbasiertes Dashboard, das nachhaltigkeitsbezogene Inhalte \u00fcber Kultureinrichtungen sammelt und visualisiert. Dieses Tool erm\u00f6glicht es, Institutionen zu vergleichen, thematische Entwicklungen \u00fcber die Zeit nachzuverfolgen und besser zu verstehen, wie Ausstellungen, Veranstaltungen und Kommunikationsstrategien mit SDG-Narrativen verkn\u00fcpft sind.<\/p>\n<p data-start=\"2281\" data-end=\"2716\">Im Anschluss an die Pr\u00e4sentation beleuchtete eine Podiumsdiskussion mit Bernd Rohrauer und Ivan Pantelic von insitu-animotion Aspekte der User Experience und des Interaktionsdesigns in kulturellen AR-Umgebungen. Das Gespr\u00e4ch hob die Bedeutung intuitiver Interfaces, r\u00e4umlichen Storytellings und kontextbewusster Interaktionen hervor, um sicherzustellen, dass digitale Ebenen das kulturelle Erlebnis bereichern und nicht davon ablenken.<\/p>\n<p data-start=\"2718\" data-end=\"3094\">W\u00e4hrend GreenGLAM auf erste Pilotinstallationen zusteuert, liefern die Erkenntnisse der IConCMT wertvollen Schwung. Die Konferenz bot ein inspirierendes Umfeld, um den Projektansatz weiter zu sch\u00e4rfen und den Dialog zwischen Kultureinrichtungen, Technologieentwicklern und der breiten \u00d6ffentlichkeit, die sich f\u00fcr Nachhaltigkeit und digitale Kultur interessiert, zu st\u00e4rken.<\/p>","protected":false},"excerpt":{"rendered":"<p>Am 27. November 2024 pr\u00e4sentierten die GreenGLAM-Partnerinnen Marina Lima Medeiros [&hellip;]<\/p>","protected":false},"author":31,"featured_media":1303,"comment_status":"closed","ping_status":"closed","sticky":false,"template":"","format":"standard","meta":{"footnotes":""},"categories":[9],"tags":[],"class_list":["post-1302","post","type-post","status-publish","format-standard","has-post-thumbnail","hentry","category-news"],"yoast_head":"<!-- This site is optimized with the Yoast SEO plugin v26.3 - https:\/\/yoast.com\/wordpress\/plugins\/seo\/ -->\n<title>GreenGLAM bei der IConCMT 2024: Die SDGs durch Augmented Reality sichtbar machen - GreenGLAM<\/title>\n<meta name=\"robots\" content=\"index, follow, max-snippet:-1, max-image-preview:large, max-video-preview:-1\" \/>\n<link rel=\"canonical\" href=\"https:\/\/greenglam.at\/en\/greenglam-bei-der-iconcmt-2024-die-sdgs-durch-augmented-reality-sichtbar-machen\/\" \/>\n<meta property=\"og:locale\" content=\"en_GB\" \/>\n<meta property=\"og:type\" content=\"article\" \/>\n<meta property=\"og:title\" content=\"GreenGLAM bei der IConCMT 2024: Die SDGs durch Augmented Reality sichtbar machen - GreenGLAM\" \/>\n<meta property=\"og:description\" content=\"Am 27. November 2024 pr\u00e4sentierten die GreenGLAM-Partnerinnen Marina Lima Medeiros [&hellip;]\" \/>\n<meta property=\"og:url\" content=\"https:\/\/greenglam.at\/en\/greenglam-bei-der-iconcmt-2024-die-sdgs-durch-augmented-reality-sichtbar-machen\/\" \/>\n<meta property=\"og:site_name\" content=\"GreenGLAM\" \/>\n<meta property=\"article:published_time\" content=\"2025-12-03T14:58:33+00:00\" \/>\n<meta property=\"og:image\" content=\"https:\/\/greenglam.at\/wp-content\/uploads\/2025\/12\/1-e1764773479881.jpg\" \/>\n\t<meta property=\"og:image:width\" content=\"1280\" \/>\n\t<meta property=\"og:image:height\" content=\"795\" \/>\n\t<meta property=\"og:image:type\" content=\"image\/jpeg\" \/>\n<meta name=\"author\" content=\"Emilia Schuetzenhofer\" \/>\n<meta name=\"twitter:card\" content=\"summary_large_image\" \/>\n<meta name=\"twitter:label1\" content=\"Written by\" \/>\n\t<meta name=\"twitter:data1\" content=\"Emilia Schuetzenhofer\" \/>\n\t<meta name=\"twitter:label2\" content=\"Estimated reading time\" \/>\n\t<meta name=\"twitter:data2\" content=\"1 minute\" \/>\n<script type=\"application\/ld+json\" class=\"yoast-schema-graph\">{\"@context\":\"https:\/\/schema.org\",\"@graph\":[{\"@type\":\"WebPage\",\"@id\":\"https:\/\/greenglam.at\/greenglam-bei-der-iconcmt-2024-die-sdgs-durch-augmented-reality-sichtbar-machen\/\",\"url\":\"https:\/\/greenglam.at\/greenglam-bei-der-iconcmt-2024-die-sdgs-durch-augmented-reality-sichtbar-machen\/\",\"name\":\"GreenGLAM bei der IConCMT 2024: Die SDGs durch Augmented Reality sichtbar machen - GreenGLAM\",\"isPartOf\":{\"@id\":\"https:\/\/greenglam.at\/#website\"},\"primaryImageOfPage\":{\"@id\":\"https:\/\/greenglam.at\/greenglam-bei-der-iconcmt-2024-die-sdgs-durch-augmented-reality-sichtbar-machen\/#primaryimage\"},\"image\":{\"@id\":\"https:\/\/greenglam.at\/greenglam-bei-der-iconcmt-2024-die-sdgs-durch-augmented-reality-sichtbar-machen\/#primaryimage\"},\"thumbnailUrl\":\"https:\/\/greenglam.at\/wp-content\/uploads\/2025\/12\/1-e1764773479881.jpg\",\"datePublished\":\"2025-12-03T14:58:33+00:00\",\"author\":{\"@id\":\"https:\/\/greenglam.at\/#\/schema\/person\/f3efe23f23ed9f5cdeb071e4ad2716bf\"},\"breadcrumb\":{\"@id\":\"https:\/\/greenglam.at\/greenglam-bei-der-iconcmt-2024-die-sdgs-durch-augmented-reality-sichtbar-machen\/#breadcrumb\"},\"inLanguage\":\"en-GB\",\"potentialAction\":[{\"@type\":\"ReadAction\",\"target\":[\"https:\/\/greenglam.at\/greenglam-bei-der-iconcmt-2024-die-sdgs-durch-augmented-reality-sichtbar-machen\/\"]}]},{\"@type\":\"ImageObject\",\"inLanguage\":\"en-GB\",\"@id\":\"https:\/\/greenglam.at\/greenglam-bei-der-iconcmt-2024-die-sdgs-durch-augmented-reality-sichtbar-machen\/#primaryimage\",\"url\":\"https:\/\/greenglam.at\/wp-content\/uploads\/2025\/12\/1-e1764773479881.jpg\",\"contentUrl\":\"https:\/\/greenglam.at\/wp-content\/uploads\/2025\/12\/1-e1764773479881.jpg\",\"width\":1280,\"height\":795,\"caption\":\"Presentation of GreenGLAM at IConCMT conference\"},{\"@type\":\"BreadcrumbList\",\"@id\":\"https:\/\/greenglam.at\/greenglam-bei-der-iconcmt-2024-die-sdgs-durch-augmented-reality-sichtbar-machen\/#breadcrumb\",\"itemListElement\":[{\"@type\":\"ListItem\",\"position\":1,\"name\":\"Home\",\"item\":\"https:\/\/greenglam.at\/\"},{\"@type\":\"ListItem\",\"position\":2,\"name\":\"GreenGLAM bei der IConCMT 2024: Die SDGs durch Augmented Reality sichtbar machen\"}]},{\"@type\":\"WebSite\",\"@id\":\"https:\/\/greenglam.at\/#website\",\"url\":\"https:\/\/greenglam.at\/\",\"name\":\"GreenGLAM\",\"description\":\"\",\"potentialAction\":[{\"@type\":\"SearchAction\",\"target\":{\"@type\":\"EntryPoint\",\"urlTemplate\":\"https:\/\/greenglam.at\/?s={search_term_string}\"},\"query-input\":{\"@type\":\"PropertyValueSpecification\",\"valueRequired\":true,\"valueName\":\"search_term_string\"}}],\"inLanguage\":\"en-GB\"},{\"@type\":\"Person\",\"@id\":\"https:\/\/greenglam.at\/#\/schema\/person\/f3efe23f23ed9f5cdeb071e4ad2716bf\",\"name\":\"Emilia Schuetzenhofer\",\"image\":{\"@type\":\"ImageObject\",\"inLanguage\":\"en-GB\",\"@id\":\"https:\/\/greenglam.at\/#\/schema\/person\/image\/\",\"url\":\"https:\/\/secure.gravatar.com\/avatar\/f8a18222ab6a0b4844598724d1e955ceac2ae6a0e65f58dcd489d91d032e2272?s=96&d=mm&r=g\",\"contentUrl\":\"https:\/\/secure.gravatar.com\/avatar\/f8a18222ab6a0b4844598724d1e955ceac2ae6a0e65f58dcd489d91d032e2272?s=96&d=mm&r=g\",\"caption\":\"Emilia Schuetzenhofer\"},\"url\":\"https:\/\/greenglam.at\/en\/author\/es\/\"}]}<\/script>\n<!-- \/ Yoast SEO plugin. -->","yoast_head_json":{"title":"GreenGLAM bei der IConCMT 2024: Die SDGs durch Augmented Reality sichtbar machen - GreenGLAM","robots":{"index":"index","follow":"follow","max-snippet":"max-snippet:-1","max-image-preview":"max-image-preview:large","max-video-preview":"max-video-preview:-1"},"canonical":"https:\/\/greenglam.at\/en\/greenglam-bei-der-iconcmt-2024-die-sdgs-durch-augmented-reality-sichtbar-machen\/","og_locale":"en_GB","og_type":"article","og_title":"GreenGLAM bei der IConCMT 2024: Die SDGs durch Augmented Reality sichtbar machen - GreenGLAM","og_description":"Am 27. November 2024 pr\u00e4sentierten die GreenGLAM-Partnerinnen Marina Lima Medeiros [&hellip;]","og_url":"https:\/\/greenglam.at\/en\/greenglam-bei-der-iconcmt-2024-die-sdgs-durch-augmented-reality-sichtbar-machen\/","og_site_name":"GreenGLAM","article_published_time":"2025-12-03T14:58:33+00:00","og_image":[{"width":1280,"height":795,"url":"https:\/\/greenglam.at\/wp-content\/uploads\/2025\/12\/1-e1764773479881.jpg","type":"image\/jpeg"}],"author":"Emilia Schuetzenhofer","twitter_card":"summary_large_image","twitter_misc":{"Written by":"Emilia Schuetzenhofer","Estimated reading time":"1 minute"},"schema":{"@context":"https:\/\/schema.org","@graph":[{"@type":"WebPage","@id":"https:\/\/greenglam.at\/greenglam-bei-der-iconcmt-2024-die-sdgs-durch-augmented-reality-sichtbar-machen\/","url":"https:\/\/greenglam.at\/greenglam-bei-der-iconcmt-2024-die-sdgs-durch-augmented-reality-sichtbar-machen\/","name":"GreenGLAM bei der IConCMT 2024: Die SDGs durch Augmented Reality sichtbar machen - GreenGLAM","isPartOf":{"@id":"https:\/\/greenglam.at\/#website"},"primaryImageOfPage":{"@id":"https:\/\/greenglam.at\/greenglam-bei-der-iconcmt-2024-die-sdgs-durch-augmented-reality-sichtbar-machen\/#primaryimage"},"image":{"@id":"https:\/\/greenglam.at\/greenglam-bei-der-iconcmt-2024-die-sdgs-durch-augmented-reality-sichtbar-machen\/#primaryimage"},"thumbnailUrl":"https:\/\/greenglam.at\/wp-content\/uploads\/2025\/12\/1-e1764773479881.jpg","datePublished":"2025-12-03T14:58:33+00:00","author":{"@id":"https:\/\/greenglam.at\/#\/schema\/person\/f3efe23f23ed9f5cdeb071e4ad2716bf"},"breadcrumb":{"@id":"https:\/\/greenglam.at\/greenglam-bei-der-iconcmt-2024-die-sdgs-durch-augmented-reality-sichtbar-machen\/#breadcrumb"},"inLanguage":"en-GB","potentialAction":[{"@type":"ReadAction","target":["https:\/\/greenglam.at\/greenglam-bei-der-iconcmt-2024-die-sdgs-durch-augmented-reality-sichtbar-machen\/"]}]},{"@type":"ImageObject","inLanguage":"en-GB","@id":"https:\/\/greenglam.at\/greenglam-bei-der-iconcmt-2024-die-sdgs-durch-augmented-reality-sichtbar-machen\/#primaryimage","url":"https:\/\/greenglam.at\/wp-content\/uploads\/2025\/12\/1-e1764773479881.jpg","contentUrl":"https:\/\/greenglam.at\/wp-content\/uploads\/2025\/12\/1-e1764773479881.jpg","width":1280,"height":795,"caption":"Presentation of GreenGLAM at IConCMT conference"},{"@type":"BreadcrumbList","@id":"https:\/\/greenglam.at\/greenglam-bei-der-iconcmt-2024-die-sdgs-durch-augmented-reality-sichtbar-machen\/#breadcrumb","itemListElement":[{"@type":"ListItem","position":1,"name":"Home","item":"https:\/\/greenglam.at\/"},{"@type":"ListItem","position":2,"name":"GreenGLAM bei der IConCMT 2024: Die SDGs durch Augmented Reality sichtbar machen"}]},{"@type":"WebSite","@id":"https:\/\/greenglam.at\/#website","url":"https:\/\/greenglam.at\/","name":"GreenGLAM project","description":"","potentialAction":[{"@type":"SearchAction","target":{"@type":"EntryPoint","urlTemplate":"https:\/\/greenglam.at\/?s={search_term_string}"},"query-input":{"@type":"PropertyValueSpecification","valueRequired":true,"valueName":"search_term_string"}}],"inLanguage":"en-GB"},{"@type":"Person","@id":"https:\/\/greenglam.at\/#\/schema\/person\/f3efe23f23ed9f5cdeb071e4ad2716bf","name":"Emilia Schuetzenhofer","image":{"@type":"ImageObject","inLanguage":"en-GB","@id":"https:\/\/greenglam.at\/#\/schema\/person\/image\/","url":"https:\/\/secure.gravatar.com\/avatar\/f8a18222ab6a0b4844598724d1e955ceac2ae6a0e65f58dcd489d91d032e2272?s=96&d=mm&r=g","contentUrl":"https:\/\/secure.gravatar.com\/avatar\/f8a18222ab6a0b4844598724d1e955ceac2ae6a0e65f58dcd489d91d032e2272?s=96&d=mm&r=g","caption":"Emilia Schuetzenhofer"},"url":"https:\/\/greenglam.at\/en\/author\/es\/"}]}},"_links":{"self":[{"href":"https:\/\/greenglam.at\/en\/wp-json\/wp\/v2\/posts\/1302","targetHints":{"allow":["GET"]}}],"collection":[{"href":"https:\/\/greenglam.at\/en\/wp-json\/wp\/v2\/posts"}],"about":[{"href":"https:\/\/greenglam.at\/en\/wp-json\/wp\/v2\/types\/post"}],"author":[{"embeddable":true,"href":"https:\/\/greenglam.at\/en\/wp-json\/wp\/v2\/users\/31"}],"replies":[{"embeddable":true,"href":"https:\/\/greenglam.at\/en\/wp-json\/wp\/v2\/comments?post=1302"}],"version-history":[{"count":2,"href":"https:\/\/greenglam.at\/en\/wp-json\/wp\/v2\/posts\/1302\/revisions"}],"predecessor-version":[{"id":1306,"href":"https:\/\/greenglam.at\/en\/wp-json\/wp\/v2\/posts\/1302\/revisions\/1306"}],"wp:featuredmedia":[{"embeddable":true,"href":"https:\/\/greenglam.at\/en\/wp-json\/wp\/v2\/media\/1303"}],"wp:attachment":[{"href":"https:\/\/greenglam.at\/en\/wp-json\/wp\/v2\/media?parent=1302"}],"wp:term":[{"taxonomy":"category","embeddable":true,"href":"https:\/\/greenglam.at\/en\/wp-json\/wp\/v2\/categories?post=1302"},{"taxonomy":"post_tag","embeddable":true,"href":"https:\/\/greenglam.at\/en\/wp-json\/wp\/v2\/tags?post=1302"}],"curies":[{"name":"wp","href":"https:\/\/api.w.org\/{rel}","templated":true}]}}