{"id":1268,"date":"2025-10-20T15:54:08","date_gmt":"2025-10-20T15:54:08","guid":{"rendered":"https:\/\/greenglam.at\/?p=1268"},"modified":"2025-10-21T08:19:39","modified_gmt":"2025-10-21T08:19:39","slug":"greenglam-at-research-days-2025-visualizing-sustainability-through-the-sdg-sculpture","status":"publish","type":"post","link":"https:\/\/greenglam.at\/en\/greenglam-at-research-days-2025-visualizing-sustainability-through-the-sdg-sculpture\/","title":{"rendered":"Review of Research Days 2025: GreenGLAM at the heart of sustainable practice"},"content":{"rendered":"<p data-start=\"0\" data-end=\"385\">During the <strong data-start=\"12\" data-end=\"34\">Research Days 2025<\/strong> from the <strong data-start=\"39\" data-end=\"80\">University of Applied Arts Vienna<\/strong> from <strong data-start=\"85\" data-end=\"106\">October 7th to 9th,<\/strong> standen <strong data-start=\"115\" data-end=\"133\">austainability<\/strong> and <strong data-start=\"138\" data-end=\"161\">systemic thinking<\/strong> took center stage. Our partner <strong data-start=\"195\" data-end=\"214\">Martina Fr\u00f6schl<\/strong> from the University of Applied Arts Vienna presented the <strong data-start=\"284\" data-end=\"305\">GreenGLAM-Projekt proudly<\/strong> and highlighted its innovative approach to sustainability in the cultural sector.<\/p>\n<p data-start=\"387\" data-end=\"944\">In her presentation <strong data-start=\"404\" data-end=\"498\">\u201cSculpting Systems: Meaning and Cultural Narratives through 3D Visualization and 3D Scans,\u201d<\/strong> Fr\u00f6schl presented, among other things, <strong data-start=\"525\" data-end=\"540\">the 3D sculpture<\/strong> developed as part of the GreenGLAM project. This visualizes the activities of <strong data-start=\"640\" data-end=\"695\">galleries, libraries, archives, and museums (GLAMs)<\/strong> in connection with the <strong data-start=\"720\" data-end=\"760\">Sustainable Development Goals (SDGs)<\/strong>The dynamic artwork makes the often invisible sustainability efforts of cultural institutions visible\u2014and transforms data into <strong data-start=\"905\" data-end=\"941\">an interactive spatial experience.<\/strong>.<\/p>\n<p data-start=\"946\" data-end=\"1253\" data-is-last-node=\"\" data-is-only-node=\"\">The <strong data-start=\"950\" data-end=\"971\">GreenGLAM-Projekt proudly<\/strong> pursues the goal of raising awareness of how the cultural sector contributes to ecological and social transformation. By <strong data-start=\"1112\" data-end=\"1147\">mapping and materializing<\/strong> these activities, the project promotes <strong data-start=\"1187\" data-end=\"1229\">transparency, dialogue, and cooperation<\/strong> between institutions.<\/p>\n<p><a href=\"https:\/\/greenglam.at\/wp-content\/uploads\/2025\/10\/Sculpting-Systems_poster-s.pdf\">Sculpting Systems_Poster GreenGLAM<\/a><\/p>","protected":false},"excerpt":{"rendered":"<p>W\u00e4hrend der Research Days 2025 der Universit\u00e4t f\u00fcr angewandte Kunst [&hellip;]<\/p>","protected":false},"author":31,"featured_media":1271,"comment_status":"closed","ping_status":"closed","sticky":false,"template":"","format":"standard","meta":{"footnotes":""},"categories":[9,1],"tags":[],"class_list":["post-1268","post","type-post","status-publish","format-standard","has-post-thumbnail","hentry","category-news","category-uncategorized"],"yoast_head":"<!-- This site is optimized with the Yoast SEO plugin v26.3 - https:\/\/yoast.com\/wordpress\/plugins\/seo\/ -->\n<title>R\u00fcckblick auf die Research Days 2025: GreenGLAM im Zentrum nachhaltiger Praxis - GreenGLAM<\/title>\n<meta name=\"description\" content=\"At Research Days 2025, GreenGLAM presented a 3D sculpture that maps SDG activities across cultural institutions.\" \/>\n<meta name=\"robots\" content=\"index, follow, max-snippet:-1, max-image-preview:large, max-video-preview:-1\" \/>\n<link rel=\"canonical\" href=\"https:\/\/greenglam.at\/en\/greenglam-at-research-days-2025-visualizing-sustainability-through-the-sdg-sculpture\/\" \/>\n<meta property=\"og:locale\" content=\"en_GB\" \/>\n<meta property=\"og:type\" content=\"article\" \/>\n<meta property=\"og:title\" content=\"R\u00fcckblick auf die Research Days 2025: GreenGLAM im Zentrum nachhaltiger Praxis - GreenGLAM\" \/>\n<meta property=\"og:description\" content=\"At Research Days 2025, GreenGLAM presented a 3D sculpture that maps SDG activities across cultural institutions.\" \/>\n<meta property=\"og:url\" content=\"https:\/\/greenglam.at\/en\/greenglam-at-research-days-2025-visualizing-sustainability-through-the-sdg-sculpture\/\" \/>\n<meta property=\"og:site_name\" content=\"GreenGLAM\" \/>\n<meta property=\"article:published_time\" content=\"2025-10-20T15:54:08+00:00\" \/>\n<meta property=\"article:modified_time\" content=\"2025-10-21T08:19:39+00:00\" \/>\n<meta property=\"og:image\" content=\"https:\/\/greenglam.at\/wp-content\/uploads\/2025\/10\/GreenGLAM.jpg\" \/>\n\t<meta property=\"og:image:width\" content=\"1920\" \/>\n\t<meta property=\"og:image:height\" content=\"1080\" \/>\n\t<meta property=\"og:image:type\" content=\"image\/jpeg\" \/>\n<meta name=\"author\" content=\"Emilia Schuetzenhofer\" \/>\n<meta name=\"twitter:card\" content=\"summary_large_image\" \/>\n<meta name=\"twitter:label1\" content=\"Written by\" \/>\n\t<meta name=\"twitter:data1\" content=\"Emilia Schuetzenhofer\" \/>\n\t<meta name=\"twitter:label2\" content=\"Estimated reading time\" \/>\n\t<meta name=\"twitter:data2\" content=\"1 minute\" \/>\n<script type=\"application\/ld+json\" class=\"yoast-schema-graph\">{\"@context\":\"https:\/\/schema.org\",\"@graph\":[{\"@type\":\"WebPage\",\"@id\":\"https:\/\/greenglam.at\/greenglam-at-research-days-2025-visualizing-sustainability-through-the-sdg-sculpture\/\",\"url\":\"https:\/\/greenglam.at\/greenglam-at-research-days-2025-visualizing-sustainability-through-the-sdg-sculpture\/\",\"name\":\"R\u00fcckblick auf die Research Days 2025: GreenGLAM im Zentrum nachhaltiger Praxis - GreenGLAM\",\"isPartOf\":{\"@id\":\"https:\/\/greenglam.at\/#website\"},\"primaryImageOfPage\":{\"@id\":\"https:\/\/greenglam.at\/greenglam-at-research-days-2025-visualizing-sustainability-through-the-sdg-sculpture\/#primaryimage\"},\"image\":{\"@id\":\"https:\/\/greenglam.at\/greenglam-at-research-days-2025-visualizing-sustainability-through-the-sdg-sculpture\/#primaryimage\"},\"thumbnailUrl\":\"https:\/\/greenglam.at\/wp-content\/uploads\/2025\/10\/GreenGLAM.jpg\",\"datePublished\":\"2025-10-20T15:54:08+00:00\",\"dateModified\":\"2025-10-21T08:19:39+00:00\",\"author\":{\"@id\":\"https:\/\/greenglam.at\/#\/schema\/person\/f3efe23f23ed9f5cdeb071e4ad2716bf\"},\"description\":\"At Research Days 2025, GreenGLAM presented a 3D sculpture that maps SDG activities across cultural institutions.\",\"breadcrumb\":{\"@id\":\"https:\/\/greenglam.at\/greenglam-at-research-days-2025-visualizing-sustainability-through-the-sdg-sculpture\/#breadcrumb\"},\"inLanguage\":\"en-GB\",\"potentialAction\":[{\"@type\":\"ReadAction\",\"target\":[\"https:\/\/greenglam.at\/greenglam-at-research-days-2025-visualizing-sustainability-through-the-sdg-sculpture\/\"]}]},{\"@type\":\"ImageObject\",\"inLanguage\":\"en-GB\",\"@id\":\"https:\/\/greenglam.at\/greenglam-at-research-days-2025-visualizing-sustainability-through-the-sdg-sculpture\/#primaryimage\",\"url\":\"https:\/\/greenglam.at\/wp-content\/uploads\/2025\/10\/GreenGLAM.jpg\",\"contentUrl\":\"https:\/\/greenglam.at\/wp-content\/uploads\/2025\/10\/GreenGLAM.jpg\",\"width\":1920,\"height\":1080,\"caption\":\"Virtual Sculptures to visualize SDG activities of GLAMs\"},{\"@type\":\"BreadcrumbList\",\"@id\":\"https:\/\/greenglam.at\/greenglam-at-research-days-2025-visualizing-sustainability-through-the-sdg-sculpture\/#breadcrumb\",\"itemListElement\":[{\"@type\":\"ListItem\",\"position\":1,\"name\":\"Home\",\"item\":\"https:\/\/greenglam.at\/\"},{\"@type\":\"ListItem\",\"position\":2,\"name\":\"R\u00fcckblick auf die Research Days 2025: GreenGLAM im Zentrum nachhaltiger Praxis\"}]},{\"@type\":\"WebSite\",\"@id\":\"https:\/\/greenglam.at\/#website\",\"url\":\"https:\/\/greenglam.at\/\",\"name\":\"GreenGLAM\",\"description\":\"\",\"potentialAction\":[{\"@type\":\"SearchAction\",\"target\":{\"@type\":\"EntryPoint\",\"urlTemplate\":\"https:\/\/greenglam.at\/?s={search_term_string}\"},\"query-input\":{\"@type\":\"PropertyValueSpecification\",\"valueRequired\":true,\"valueName\":\"search_term_string\"}}],\"inLanguage\":\"en-GB\"},{\"@type\":\"Person\",\"@id\":\"https:\/\/greenglam.at\/#\/schema\/person\/f3efe23f23ed9f5cdeb071e4ad2716bf\",\"name\":\"Emilia Schuetzenhofer\",\"image\":{\"@type\":\"ImageObject\",\"inLanguage\":\"en-GB\",\"@id\":\"https:\/\/greenglam.at\/#\/schema\/person\/image\/\",\"url\":\"https:\/\/secure.gravatar.com\/avatar\/f8a18222ab6a0b4844598724d1e955ceac2ae6a0e65f58dcd489d91d032e2272?s=96&d=mm&r=g\",\"contentUrl\":\"https:\/\/secure.gravatar.com\/avatar\/f8a18222ab6a0b4844598724d1e955ceac2ae6a0e65f58dcd489d91d032e2272?s=96&d=mm&r=g\",\"caption\":\"Emilia Schuetzenhofer\"},\"url\":\"https:\/\/greenglam.at\/en\/author\/es\/\"}]}<\/script>\n<!-- \/ Yoast SEO plugin. -->","yoast_head_json":{"title":"R\u00fcckblick auf die Research Days 2025: GreenGLAM im Zentrum nachhaltiger Praxis - GreenGLAM","description":"At Research Days 2025, GreenGLAM presented a 3D sculpture that maps SDG activities across cultural institutions.","robots":{"index":"index","follow":"follow","max-snippet":"max-snippet:-1","max-image-preview":"max-image-preview:large","max-video-preview":"max-video-preview:-1"},"canonical":"https:\/\/greenglam.at\/en\/greenglam-at-research-days-2025-visualizing-sustainability-through-the-sdg-sculpture\/","og_locale":"en_GB","og_type":"article","og_title":"R\u00fcckblick auf die Research Days 2025: GreenGLAM im Zentrum nachhaltiger Praxis - GreenGLAM","og_description":"At Research Days 2025, GreenGLAM presented a 3D sculpture that maps SDG activities across cultural institutions.","og_url":"https:\/\/greenglam.at\/en\/greenglam-at-research-days-2025-visualizing-sustainability-through-the-sdg-sculpture\/","og_site_name":"GreenGLAM","article_published_time":"2025-10-20T15:54:08+00:00","article_modified_time":"2025-10-21T08:19:39+00:00","og_image":[{"width":1920,"height":1080,"url":"https:\/\/greenglam.at\/wp-content\/uploads\/2025\/10\/GreenGLAM.jpg","type":"image\/jpeg"}],"author":"Emilia Schuetzenhofer","twitter_card":"summary_large_image","twitter_misc":{"Written by":"Emilia Schuetzenhofer","Estimated reading time":"1 minute"},"schema":{"@context":"https:\/\/schema.org","@graph":[{"@type":"WebPage","@id":"https:\/\/greenglam.at\/greenglam-at-research-days-2025-visualizing-sustainability-through-the-sdg-sculpture\/","url":"https:\/\/greenglam.at\/greenglam-at-research-days-2025-visualizing-sustainability-through-the-sdg-sculpture\/","name":"R\u00fcckblick auf die Research Days 2025: GreenGLAM im Zentrum nachhaltiger Praxis - GreenGLAM","isPartOf":{"@id":"https:\/\/greenglam.at\/#website"},"primaryImageOfPage":{"@id":"https:\/\/greenglam.at\/greenglam-at-research-days-2025-visualizing-sustainability-through-the-sdg-sculpture\/#primaryimage"},"image":{"@id":"https:\/\/greenglam.at\/greenglam-at-research-days-2025-visualizing-sustainability-through-the-sdg-sculpture\/#primaryimage"},"thumbnailUrl":"https:\/\/greenglam.at\/wp-content\/uploads\/2025\/10\/GreenGLAM.jpg","datePublished":"2025-10-20T15:54:08+00:00","dateModified":"2025-10-21T08:19:39+00:00","author":{"@id":"https:\/\/greenglam.at\/#\/schema\/person\/f3efe23f23ed9f5cdeb071e4ad2716bf"},"description":"At Research Days 2025, GreenGLAM presented a 3D sculpture that maps SDG activities across cultural institutions.","breadcrumb":{"@id":"https:\/\/greenglam.at\/greenglam-at-research-days-2025-visualizing-sustainability-through-the-sdg-sculpture\/#breadcrumb"},"inLanguage":"en-GB","potentialAction":[{"@type":"ReadAction","target":["https:\/\/greenglam.at\/greenglam-at-research-days-2025-visualizing-sustainability-through-the-sdg-sculpture\/"]}]},{"@type":"ImageObject","inLanguage":"en-GB","@id":"https:\/\/greenglam.at\/greenglam-at-research-days-2025-visualizing-sustainability-through-the-sdg-sculpture\/#primaryimage","url":"https:\/\/greenglam.at\/wp-content\/uploads\/2025\/10\/GreenGLAM.jpg","contentUrl":"https:\/\/greenglam.at\/wp-content\/uploads\/2025\/10\/GreenGLAM.jpg","width":1920,"height":1080,"caption":"Virtual Sculptures to visualize SDG activities of GLAMs"},{"@type":"BreadcrumbList","@id":"https:\/\/greenglam.at\/greenglam-at-research-days-2025-visualizing-sustainability-through-the-sdg-sculpture\/#breadcrumb","itemListElement":[{"@type":"ListItem","position":1,"name":"Home","item":"https:\/\/greenglam.at\/"},{"@type":"ListItem","position":2,"name":"R\u00fcckblick auf die Research Days 2025: GreenGLAM im Zentrum nachhaltiger Praxis"}]},{"@type":"WebSite","@id":"https:\/\/greenglam.at\/#website","url":"https:\/\/greenglam.at\/","name":"GreenGLAM project","description":"","potentialAction":[{"@type":"SearchAction","target":{"@type":"EntryPoint","urlTemplate":"https:\/\/greenglam.at\/?s={search_term_string}"},"query-input":{"@type":"PropertyValueSpecification","valueRequired":true,"valueName":"search_term_string"}}],"inLanguage":"en-GB"},{"@type":"Person","@id":"https:\/\/greenglam.at\/#\/schema\/person\/f3efe23f23ed9f5cdeb071e4ad2716bf","name":"Emilia Schuetzenhofer","image":{"@type":"ImageObject","inLanguage":"en-GB","@id":"https:\/\/greenglam.at\/#\/schema\/person\/image\/","url":"https:\/\/secure.gravatar.com\/avatar\/f8a18222ab6a0b4844598724d1e955ceac2ae6a0e65f58dcd489d91d032e2272?s=96&d=mm&r=g","contentUrl":"https:\/\/secure.gravatar.com\/avatar\/f8a18222ab6a0b4844598724d1e955ceac2ae6a0e65f58dcd489d91d032e2272?s=96&d=mm&r=g","caption":"Emilia Schuetzenhofer"},"url":"https:\/\/greenglam.at\/en\/author\/es\/"}]}},"_links":{"self":[{"href":"https:\/\/greenglam.at\/en\/wp-json\/wp\/v2\/posts\/1268","targetHints":{"allow":["GET"]}}],"collection":[{"href":"https:\/\/greenglam.at\/en\/wp-json\/wp\/v2\/posts"}],"about":[{"href":"https:\/\/greenglam.at\/en\/wp-json\/wp\/v2\/types\/post"}],"author":[{"embeddable":true,"href":"https:\/\/greenglam.at\/en\/wp-json\/wp\/v2\/users\/31"}],"replies":[{"embeddable":true,"href":"https:\/\/greenglam.at\/en\/wp-json\/wp\/v2\/comments?post=1268"}],"version-history":[{"count":5,"href":"https:\/\/greenglam.at\/en\/wp-json\/wp\/v2\/posts\/1268\/revisions"}],"predecessor-version":[{"id":1275,"href":"https:\/\/greenglam.at\/en\/wp-json\/wp\/v2\/posts\/1268\/revisions\/1275"}],"wp:featuredmedia":[{"embeddable":true,"href":"https:\/\/greenglam.at\/en\/wp-json\/wp\/v2\/media\/1271"}],"wp:attachment":[{"href":"https:\/\/greenglam.at\/en\/wp-json\/wp\/v2\/media?parent=1268"}],"wp:term":[{"taxonomy":"category","embeddable":true,"href":"https:\/\/greenglam.at\/en\/wp-json\/wp\/v2\/categories?post=1268"},{"taxonomy":"post_tag","embeddable":true,"href":"https:\/\/greenglam.at\/en\/wp-json\/wp\/v2\/tags?post=1268"}],"curies":[{"name":"wp","href":"https:\/\/api.w.org\/{rel}","templated":true}]}}